{"id":2260,"date":"2023-02-24T06:50:51","date_gmt":"2023-02-24T06:50:51","guid":{"rendered":"https:\/\/www.rgmspace.com\/rgm-space-allo-space-tech-expo-a-brema\/"},"modified":"2023-04-12T06:50:55","modified_gmt":"2023-04-12T06:50:55","slug":"rgm-space-allo-space-tech-expo-a-brema","status":"publish","type":"post","link":"https:\/\/www.rgmspace.com\/it\/rgm-space-allo-space-tech-expo-a-brema\/","title":{"rendered":"RGM SPACE allo SPACE TECH EXPO a BREMA"},"content":{"rendered":"\n<p>Una delle fiere <strong>pi\u00f9 importanti<\/strong> durante l&#8217;anno in Europa \u00e8 <strong>Space Tech Expo<\/strong> in Bremen. Il team RGM SPACE ha colto questa opportunit\u00e0 per la terza volta nel 2022.<\/p>\n\n<p>Strategicamente posizionata nell&#8217;Europa centrale, Brema \u00e8 una citt\u00e0 di eccellenza aerospaziale. Space Tech Expo Europe \u00e8 il principale evento dedicato alla catena di fornitura e all&#8217;ingegneria del continente per servizi di produzione, progettazione, test e ingegneria per veicoli spaziali, sottosistemi e componenti qualificati per lo spazio.<\/p>\n\n<p>Il settore spaziale \u00e8 un mercato in continua espansione e diventa davvero importante partecipare a questo tipo di fiere per organizzare incontri con potenziali clienti e partner in tutto il mondo. Inoltre, questa volta il nostro coinvolgimento \u00e8 stato strategico nel mostrare il nostro Laboratorio che gioca un ruolo chiave nella competizione con le altre Agenzie di Ricambi. La ricerca di nuovi contatti \u00e8 stata sia attiva che passiva grazie al nostro stand e alla possibilit\u00e0 di raggiungere le persone anche in occasione di incontri B2B. Quest&#8217;anno nella guida alla fiera il nostro stand N34 \u00e8 apparso in prima pagina grazie anche alla collaborazione con gli organizzatori della fiera, occasione che ci ha portato visibilit\u00e0 e conoscenza.<\/p>\n\n<p>Non perdere l&#8217;occasione di incontrare il nostro Team allo <strong>Stand N34<\/strong>!<\/p>\n\n<p>Prenota il tuo incontro, inviando una mail a:<\/p>\n\n<p><a href=\"mailto:rgmspace@rgm.it\">rgmspace@rgm.it<\/a><\/p>\n\n<p>Prenota il tuo incontro, inviando una mail a:<\/p>\n\n<figure class=\"wp-block-embed\"><div class=\"wp-block-embed__wrapper\">\nhttps:\/\/www.spacetechexpo-europe.com\/\n<\/div><\/figure>\n\n<p><strong>RGM SPACE Booth: N34<\/strong><\/p>\n\n<p>Location: BREMEN &#8211; GERMANY<\/p>\n\n<p>Date: Novembre 2022<\/p>\n","protected":false},"excerpt":{"rendered":"<p>Una delle fiere pi\u00f9 importanti durante l&#8217;anno in Europa \u00e8 Space Tech Expo in Bremen. Il team RGM SPACE ha colto questa opportunit\u00e0 per la terza volta nel 2022. Strategicamente posizionata nell&#8217;Europa centrale, Brema \u00e8 una citt\u00e0 di eccellenza aerospaziale. Space Tech Expo Europe \u00e8 il principale evento dedicato alla catena di fornitura e all&#8217;ingegneria [&hellip;]<\/p>\n","protected":false},"author":2,"featured_media":1026,"comment_status":"open","ping_status":"closed","sticky":false,"template":"","format":"standard","meta":{"footnotes":""},"categories":[1],"tags":[],"class_list":["post-2260","post","type-post","status-publish","format-standard","has-post-thumbnail","hentry","category-non-categorizzato"],"yoast_head":"<!-- This site is optimized with the Yoast SEO plugin v26.5 - https:\/\/yoast.com\/wordpress\/plugins\/seo\/ -->\n<title>RGM SPACE allo SPACE TECH EXPO a BREMA - RGM Space<\/title>\n<meta name=\"robots\" content=\"index, follow, max-snippet:-1, max-image-preview:large, max-video-preview:-1\" \/>\n<link rel=\"canonical\" href=\"https:\/\/www.rgmspace.com\/it\/rgm-space-allo-space-tech-expo-a-brema\/\" \/>\n<meta property=\"og:locale\" content=\"it_IT\" \/>\n<meta property=\"og:type\" content=\"article\" \/>\n<meta property=\"og:title\" content=\"RGM SPACE allo SPACE TECH EXPO a BREMA - RGM Space\" \/>\n<meta property=\"og:description\" content=\"Una delle fiere pi\u00f9 importanti durante l&#8217;anno in Europa \u00e8 Space Tech Expo in Bremen. Il team RGM SPACE ha colto questa opportunit\u00e0 per la terza volta nel 2022. Strategicamente posizionata nell&#8217;Europa centrale, Brema \u00e8 una citt\u00e0 di eccellenza aerospaziale. Space Tech Expo Europe \u00e8 il principale evento dedicato alla catena di fornitura e all&#8217;ingegneria [&hellip;]\" \/>\n<meta property=\"og:url\" content=\"https:\/\/www.rgmspace.com\/it\/rgm-space-allo-space-tech-expo-a-brema\/\" \/>\n<meta property=\"og:site_name\" content=\"RGM Space\" \/>\n<meta property=\"article:published_time\" content=\"2023-02-24T06:50:51+00:00\" \/>\n<meta property=\"article:modified_time\" content=\"2023-04-12T06:50:55+00:00\" \/>\n<meta property=\"og:image\" content=\"https:\/\/www.rgmspace.com\/wp-content\/uploads\/2023\/02\/SpaceTechExpo_Europe_2022.jpeg\" \/>\n\t<meta property=\"og:image:width\" content=\"1200\" \/>\n\t<meta property=\"og:image:height\" content=\"675\" \/>\n\t<meta property=\"og:image:type\" content=\"image\/jpeg\" \/>\n<meta name=\"author\" content=\"a.stegani@gmail.com\" \/>\n<meta name=\"twitter:card\" content=\"summary_large_image\" \/>\n<meta name=\"twitter:label1\" content=\"Scritto da\" \/>\n\t<meta name=\"twitter:data1\" content=\"a.stegani@gmail.com\" \/>\n\t<meta name=\"twitter:label2\" content=\"Tempo di lettura stimato\" \/>\n\t<meta name=\"twitter:data2\" content=\"1 minuto\" \/>\n<script type=\"application\/ld+json\" class=\"yoast-schema-graph\">{\"@context\":\"https:\/\/schema.org\",\"@graph\":[{\"@type\":\"Article\",\"@id\":\"https:\/\/www.rgmspace.com\/it\/rgm-space-allo-space-tech-expo-a-brema\/#article\",\"isPartOf\":{\"@id\":\"https:\/\/www.rgmspace.com\/it\/rgm-space-allo-space-tech-expo-a-brema\/\"},\"author\":{\"name\":\"a.stegani@gmail.com\",\"@id\":\"https:\/\/www.rgmspace.com\/it\/#\/schema\/person\/55a971712bf4431b461672ea321535a5\"},\"headline\":\"RGM SPACE allo SPACE TECH EXPO a BREMA\",\"datePublished\":\"2023-02-24T06:50:51+00:00\",\"dateModified\":\"2023-04-12T06:50:55+00:00\",\"mainEntityOfPage\":{\"@id\":\"https:\/\/www.rgmspace.com\/it\/rgm-space-allo-space-tech-expo-a-brema\/\"},\"wordCount\":242,\"commentCount\":0,\"publisher\":{\"@id\":\"https:\/\/www.rgmspace.com\/it\/#organization\"},\"image\":{\"@id\":\"https:\/\/www.rgmspace.com\/it\/rgm-space-allo-space-tech-expo-a-brema\/#primaryimage\"},\"thumbnailUrl\":\"https:\/\/www.rgmspace.com\/wp-content\/uploads\/2023\/02\/SpaceTechExpo_Europe_2022.jpeg\",\"articleSection\":[\"Non categorizzato\"],\"inLanguage\":\"it-IT\",\"potentialAction\":[{\"@type\":\"CommentAction\",\"name\":\"Comment\",\"target\":[\"https:\/\/www.rgmspace.com\/it\/rgm-space-allo-space-tech-expo-a-brema\/#respond\"]}]},{\"@type\":\"WebPage\",\"@id\":\"https:\/\/www.rgmspace.com\/it\/rgm-space-allo-space-tech-expo-a-brema\/\",\"url\":\"https:\/\/www.rgmspace.com\/it\/rgm-space-allo-space-tech-expo-a-brema\/\",\"name\":\"RGM SPACE allo SPACE TECH EXPO a BREMA - RGM Space\",\"isPartOf\":{\"@id\":\"https:\/\/www.rgmspace.com\/it\/#website\"},\"primaryImageOfPage\":{\"@id\":\"https:\/\/www.rgmspace.com\/it\/rgm-space-allo-space-tech-expo-a-brema\/#primaryimage\"},\"image\":{\"@id\":\"https:\/\/www.rgmspace.com\/it\/rgm-space-allo-space-tech-expo-a-brema\/#primaryimage\"},\"thumbnailUrl\":\"https:\/\/www.rgmspace.com\/wp-content\/uploads\/2023\/02\/SpaceTechExpo_Europe_2022.jpeg\",\"datePublished\":\"2023-02-24T06:50:51+00:00\",\"dateModified\":\"2023-04-12T06:50:55+00:00\",\"breadcrumb\":{\"@id\":\"https:\/\/www.rgmspace.com\/it\/rgm-space-allo-space-tech-expo-a-brema\/#breadcrumb\"},\"inLanguage\":\"it-IT\",\"potentialAction\":[{\"@type\":\"ReadAction\",\"target\":[\"https:\/\/www.rgmspace.com\/it\/rgm-space-allo-space-tech-expo-a-brema\/\"]}]},{\"@type\":\"ImageObject\",\"inLanguage\":\"it-IT\",\"@id\":\"https:\/\/www.rgmspace.com\/it\/rgm-space-allo-space-tech-expo-a-brema\/#primaryimage\",\"url\":\"https:\/\/www.rgmspace.com\/wp-content\/uploads\/2023\/02\/SpaceTechExpo_Europe_2022.jpeg\",\"contentUrl\":\"https:\/\/www.rgmspace.com\/wp-content\/uploads\/2023\/02\/SpaceTechExpo_Europe_2022.jpeg\",\"width\":1200,\"height\":675},{\"@type\":\"BreadcrumbList\",\"@id\":\"https:\/\/www.rgmspace.com\/it\/rgm-space-allo-space-tech-expo-a-brema\/#breadcrumb\",\"itemListElement\":[{\"@type\":\"ListItem\",\"position\":1,\"name\":\"Home\",\"item\":\"https:\/\/www.rgmspace.com\/it\/\"},{\"@type\":\"ListItem\",\"position\":2,\"name\":\"RGM SPACE allo SPACE TECH EXPO a BREMA\"}]},{\"@type\":\"WebSite\",\"@id\":\"https:\/\/www.rgmspace.com\/it\/#website\",\"url\":\"https:\/\/www.rgmspace.com\/it\/\",\"name\":\"RGM Space\",\"description\":\"Partner of Leaders\",\"publisher\":{\"@id\":\"https:\/\/www.rgmspace.com\/it\/#organization\"},\"potentialAction\":[{\"@type\":\"SearchAction\",\"target\":{\"@type\":\"EntryPoint\",\"urlTemplate\":\"https:\/\/www.rgmspace.com\/it\/?s={search_term_string}\"},\"query-input\":{\"@type\":\"PropertyValueSpecification\",\"valueRequired\":true,\"valueName\":\"search_term_string\"}}],\"inLanguage\":\"it-IT\"},{\"@type\":\"Organization\",\"@id\":\"https:\/\/www.rgmspace.com\/it\/#organization\",\"name\":\"RGM Space\",\"url\":\"https:\/\/www.rgmspace.com\/it\/\",\"logo\":{\"@type\":\"ImageObject\",\"inLanguage\":\"it-IT\",\"@id\":\"https:\/\/www.rgmspace.com\/it\/#\/schema\/logo\/image\/\",\"url\":\"https:\/\/www.rgmspace.com\/wp-content\/uploads\/2022\/08\/Senza-nome.png\",\"contentUrl\":\"https:\/\/www.rgmspace.com\/wp-content\/uploads\/2022\/08\/Senza-nome.png\",\"width\":2481,\"height\":1182,\"caption\":\"RGM Space\"},\"image\":{\"@id\":\"https:\/\/www.rgmspace.com\/it\/#\/schema\/logo\/image\/\"}},{\"@type\":\"Person\",\"@id\":\"https:\/\/www.rgmspace.com\/it\/#\/schema\/person\/55a971712bf4431b461672ea321535a5\",\"name\":\"a.stegani@gmail.com\",\"image\":{\"@type\":\"ImageObject\",\"inLanguage\":\"it-IT\",\"@id\":\"https:\/\/www.rgmspace.com\/it\/#\/schema\/person\/image\/\",\"url\":\"https:\/\/secure.gravatar.com\/avatar\/0b1524cccff8dcec90af7b15f6243bd84d5f5704ed19f29228fd714cd41ef063?s=96&d=mm&r=g\",\"contentUrl\":\"https:\/\/secure.gravatar.com\/avatar\/0b1524cccff8dcec90af7b15f6243bd84d5f5704ed19f29228fd714cd41ef063?s=96&d=mm&r=g\",\"caption\":\"a.stegani@gmail.com\"},\"url\":\"https:\/\/www.rgmspace.com\/it\/author\/a-steganigmail-com\/\"}]}<\/script>\n<!-- \/ Yoast SEO plugin. -->","yoast_head_json":{"title":"RGM SPACE allo SPACE TECH EXPO a BREMA - RGM Space","robots":{"index":"index","follow":"follow","max-snippet":"max-snippet:-1","max-image-preview":"max-image-preview:large","max-video-preview":"max-video-preview:-1"},"canonical":"https:\/\/www.rgmspace.com\/it\/rgm-space-allo-space-tech-expo-a-brema\/","og_locale":"it_IT","og_type":"article","og_title":"RGM SPACE allo SPACE TECH EXPO a BREMA - RGM Space","og_description":"Una delle fiere pi\u00f9 importanti durante l&#8217;anno in Europa \u00e8 Space Tech Expo in Bremen. Il team RGM SPACE ha colto questa opportunit\u00e0 per la terza volta nel 2022. Strategicamente posizionata nell&#8217;Europa centrale, Brema \u00e8 una citt\u00e0 di eccellenza aerospaziale. Space Tech Expo Europe \u00e8 il principale evento dedicato alla catena di fornitura e all&#8217;ingegneria [&hellip;]","og_url":"https:\/\/www.rgmspace.com\/it\/rgm-space-allo-space-tech-expo-a-brema\/","og_site_name":"RGM Space","article_published_time":"2023-02-24T06:50:51+00:00","article_modified_time":"2023-04-12T06:50:55+00:00","og_image":[{"width":1200,"height":675,"url":"https:\/\/www.rgmspace.com\/wp-content\/uploads\/2023\/02\/SpaceTechExpo_Europe_2022.jpeg","type":"image\/jpeg"}],"author":"a.stegani@gmail.com","twitter_card":"summary_large_image","twitter_misc":{"Scritto da":"a.stegani@gmail.com","Tempo di lettura stimato":"1 minuto"},"schema":{"@context":"https:\/\/schema.org","@graph":[{"@type":"Article","@id":"https:\/\/www.rgmspace.com\/it\/rgm-space-allo-space-tech-expo-a-brema\/#article","isPartOf":{"@id":"https:\/\/www.rgmspace.com\/it\/rgm-space-allo-space-tech-expo-a-brema\/"},"author":{"name":"a.stegani@gmail.com","@id":"https:\/\/www.rgmspace.com\/it\/#\/schema\/person\/55a971712bf4431b461672ea321535a5"},"headline":"RGM SPACE allo SPACE TECH EXPO a BREMA","datePublished":"2023-02-24T06:50:51+00:00","dateModified":"2023-04-12T06:50:55+00:00","mainEntityOfPage":{"@id":"https:\/\/www.rgmspace.com\/it\/rgm-space-allo-space-tech-expo-a-brema\/"},"wordCount":242,"commentCount":0,"publisher":{"@id":"https:\/\/www.rgmspace.com\/it\/#organization"},"image":{"@id":"https:\/\/www.rgmspace.com\/it\/rgm-space-allo-space-tech-expo-a-brema\/#primaryimage"},"thumbnailUrl":"https:\/\/www.rgmspace.com\/wp-content\/uploads\/2023\/02\/SpaceTechExpo_Europe_2022.jpeg","articleSection":["Non categorizzato"],"inLanguage":"it-IT","potentialAction":[{"@type":"CommentAction","name":"Comment","target":["https:\/\/www.rgmspace.com\/it\/rgm-space-allo-space-tech-expo-a-brema\/#respond"]}]},{"@type":"WebPage","@id":"https:\/\/www.rgmspace.com\/it\/rgm-space-allo-space-tech-expo-a-brema\/","url":"https:\/\/www.rgmspace.com\/it\/rgm-space-allo-space-tech-expo-a-brema\/","name":"RGM SPACE allo SPACE TECH EXPO a BREMA - RGM Space","isPartOf":{"@id":"https:\/\/www.rgmspace.com\/it\/#website"},"primaryImageOfPage":{"@id":"https:\/\/www.rgmspace.com\/it\/rgm-space-allo-space-tech-expo-a-brema\/#primaryimage"},"image":{"@id":"https:\/\/www.rgmspace.com\/it\/rgm-space-allo-space-tech-expo-a-brema\/#primaryimage"},"thumbnailUrl":"https:\/\/www.rgmspace.com\/wp-content\/uploads\/2023\/02\/SpaceTechExpo_Europe_2022.jpeg","datePublished":"2023-02-24T06:50:51+00:00","dateModified":"2023-04-12T06:50:55+00:00","breadcrumb":{"@id":"https:\/\/www.rgmspace.com\/it\/rgm-space-allo-space-tech-expo-a-brema\/#breadcrumb"},"inLanguage":"it-IT","potentialAction":[{"@type":"ReadAction","target":["https:\/\/www.rgmspace.com\/it\/rgm-space-allo-space-tech-expo-a-brema\/"]}]},{"@type":"ImageObject","inLanguage":"it-IT","@id":"https:\/\/www.rgmspace.com\/it\/rgm-space-allo-space-tech-expo-a-brema\/#primaryimage","url":"https:\/\/www.rgmspace.com\/wp-content\/uploads\/2023\/02\/SpaceTechExpo_Europe_2022.jpeg","contentUrl":"https:\/\/www.rgmspace.com\/wp-content\/uploads\/2023\/02\/SpaceTechExpo_Europe_2022.jpeg","width":1200,"height":675},{"@type":"BreadcrumbList","@id":"https:\/\/www.rgmspace.com\/it\/rgm-space-allo-space-tech-expo-a-brema\/#breadcrumb","itemListElement":[{"@type":"ListItem","position":1,"name":"Home","item":"https:\/\/www.rgmspace.com\/it\/"},{"@type":"ListItem","position":2,"name":"RGM SPACE allo SPACE TECH EXPO a BREMA"}]},{"@type":"WebSite","@id":"https:\/\/www.rgmspace.com\/it\/#website","url":"https:\/\/www.rgmspace.com\/it\/","name":"RGM Space","description":"Partner of Leaders","publisher":{"@id":"https:\/\/www.rgmspace.com\/it\/#organization"},"potentialAction":[{"@type":"SearchAction","target":{"@type":"EntryPoint","urlTemplate":"https:\/\/www.rgmspace.com\/it\/?s={search_term_string}"},"query-input":{"@type":"PropertyValueSpecification","valueRequired":true,"valueName":"search_term_string"}}],"inLanguage":"it-IT"},{"@type":"Organization","@id":"https:\/\/www.rgmspace.com\/it\/#organization","name":"RGM Space","url":"https:\/\/www.rgmspace.com\/it\/","logo":{"@type":"ImageObject","inLanguage":"it-IT","@id":"https:\/\/www.rgmspace.com\/it\/#\/schema\/logo\/image\/","url":"https:\/\/www.rgmspace.com\/wp-content\/uploads\/2022\/08\/Senza-nome.png","contentUrl":"https:\/\/www.rgmspace.com\/wp-content\/uploads\/2022\/08\/Senza-nome.png","width":2481,"height":1182,"caption":"RGM Space"},"image":{"@id":"https:\/\/www.rgmspace.com\/it\/#\/schema\/logo\/image\/"}},{"@type":"Person","@id":"https:\/\/www.rgmspace.com\/it\/#\/schema\/person\/55a971712bf4431b461672ea321535a5","name":"a.stegani@gmail.com","image":{"@type":"ImageObject","inLanguage":"it-IT","@id":"https:\/\/www.rgmspace.com\/it\/#\/schema\/person\/image\/","url":"https:\/\/secure.gravatar.com\/avatar\/0b1524cccff8dcec90af7b15f6243bd84d5f5704ed19f29228fd714cd41ef063?s=96&d=mm&r=g","contentUrl":"https:\/\/secure.gravatar.com\/avatar\/0b1524cccff8dcec90af7b15f6243bd84d5f5704ed19f29228fd714cd41ef063?s=96&d=mm&r=g","caption":"a.stegani@gmail.com"},"url":"https:\/\/www.rgmspace.com\/it\/author\/a-steganigmail-com\/"}]}},"_links":{"self":[{"href":"https:\/\/www.rgmspace.com\/it\/wp-json\/wp\/v2\/posts\/2260","targetHints":{"allow":["GET"]}}],"collection":[{"href":"https:\/\/www.rgmspace.com\/it\/wp-json\/wp\/v2\/posts"}],"about":[{"href":"https:\/\/www.rgmspace.com\/it\/wp-json\/wp\/v2\/types\/post"}],"author":[{"embeddable":true,"href":"https:\/\/www.rgmspace.com\/it\/wp-json\/wp\/v2\/users\/2"}],"replies":[{"embeddable":true,"href":"https:\/\/www.rgmspace.com\/it\/wp-json\/wp\/v2\/comments?post=2260"}],"version-history":[{"count":1,"href":"https:\/\/www.rgmspace.com\/it\/wp-json\/wp\/v2\/posts\/2260\/revisions"}],"predecessor-version":[{"id":2261,"href":"https:\/\/www.rgmspace.com\/it\/wp-json\/wp\/v2\/posts\/2260\/revisions\/2261"}],"wp:featuredmedia":[{"embeddable":true,"href":"https:\/\/www.rgmspace.com\/it\/wp-json\/wp\/v2\/media\/1026"}],"wp:attachment":[{"href":"https:\/\/www.rgmspace.com\/it\/wp-json\/wp\/v2\/media?parent=2260"}],"wp:term":[{"taxonomy":"category","embeddable":true,"href":"https:\/\/www.rgmspace.com\/it\/wp-json\/wp\/v2\/categories?post=2260"},{"taxonomy":"post_tag","embeddable":true,"href":"https:\/\/www.rgmspace.com\/it\/wp-json\/wp\/v2\/tags?post=2260"}],"curies":[{"name":"wp","href":"https:\/\/api.w.org\/{rel}","templated":true}]}}