{"id":2266,"date":"2023-02-24T06:38:59","date_gmt":"2023-02-24T06:38:59","guid":{"rendered":"https:\/\/www.rgmspace.com\/rgm-space-partecipa-alla-paris-space-week-9-10-marzo-2023\/"},"modified":"2023-04-12T06:59:14","modified_gmt":"2023-04-12T06:59:14","slug":"rgm-space-partecipa-alla-paris-space-week-9-10-marzo-2023","status":"publish","type":"post","link":"https:\/\/www.rgmspace.com\/it\/rgm-space-partecipa-alla-paris-space-week-9-10-marzo-2023\/","title":{"rendered":"RGM SPACE Partecipa alla Paris Space Week 9-10 marzo 2023"},"content":{"rendered":"\n<p>Paris Space Week \u00e8 una fiera con incontri d&#8217;affari e conferenze dedicati all&#8217;industria spaziale che si terr\u00e0 in Francia presso la Paris Expo Porte de Versailles Hall.<\/p>\n\n<p>Anche questa volta, come ogni anno, <strong>RGM SPACE parteciper\u00e0 a questo evento!<\/strong><\/p>\n\n<figure class=\"wp-block-image size-full\"><img fetchpriority=\"high\" decoding=\"async\" width=\"1000\" height=\"658\" src=\"https:\/\/www.rgmspace.com\/wp-content\/uploads\/2023\/02\/Schermata-2023-02-24-alle-07.36.41.jpg\" alt=\"\" class=\"wp-image-1013\" srcset=\"https:\/\/www.rgmspace.com\/wp-content\/uploads\/2023\/02\/Schermata-2023-02-24-alle-07.36.41.jpg 1000w, https:\/\/www.rgmspace.com\/wp-content\/uploads\/2023\/02\/Schermata-2023-02-24-alle-07.36.41-300x197.jpg 300w, https:\/\/www.rgmspace.com\/wp-content\/uploads\/2023\/02\/Schermata-2023-02-24-alle-07.36.41-768x505.jpg 768w\" sizes=\"(max-width: 1000px) 100vw, 1000px\" \/><\/figure>\n<p>I quattro argomenti principali sono satelliti, lanciatori, sistemi di terra e app spaziali. Persone provenienti da pi\u00f9 di 40 paesi rendono questo evento internazionale dando l&#8217;opportunit\u00e0 di scoprire nuovi mercati, raggiungere nuovi gruppi target, trovare nuovi clienti e cercare soluzioni spaziali innovative.<\/p>\n\n<p>Sar\u00e0 un vero piacere partecipare al 10\u00b0 anniversario di questa importante sede!<\/p>\n\n<p>Non perdere l&#8217;occasione di incontrare il nostro Team!<\/p>\n\n<p>Prenota il tuo incontro, inviando una mail a:<\/p>\n\n<p><a href=\"mailto:rgmspace@rgm.it\">rgmspace@rgm.it<\/a><\/p>\n\n<p>Prenota il tuo incontro, inviando una mail a:<\/p>\n\n<figure class=\"wp-block-embed\"><div class=\"wp-block-embed__wrapper\">\nhttps:\/\/www.paris-space-week.com\/\n<\/div><\/figure>\n\n<p>Location: PARIS &#8211; FRANCE<\/p>\n\n<p>Date: Marzo 2023<\/p>\n","protected":false},"excerpt":{"rendered":"<p>Paris Space Week \u00e8 una fiera con incontri d&#8217;affari e conferenze dedicati all&#8217;industria spaziale che si terr\u00e0 in Francia presso la Paris Expo Porte de Versailles Hall. Anche questa volta, come ogni anno, RGM SPACE parteciper\u00e0 a questo evento! I quattro argomenti principali sono satelliti, lanciatori, sistemi di terra e app spaziali. Persone provenienti da [&hellip;]<\/p>\n","protected":false},"author":2,"featured_media":1482,"comment_status":"open","ping_status":"closed","sticky":false,"template":"","format":"standard","meta":{"footnotes":""},"categories":[1],"tags":[],"class_list":["post-2266","post","type-post","status-publish","format-standard","has-post-thumbnail","hentry","category-non-categorizzato"],"yoast_head":"<!-- This site is optimized with the Yoast SEO plugin v26.5 - https:\/\/yoast.com\/wordpress\/plugins\/seo\/ -->\n<title>RGM SPACE Partecipa alla Paris Space Week 9-10 marzo 2023 - RGM Space<\/title>\n<meta name=\"robots\" content=\"index, follow, max-snippet:-1, max-image-preview:large, max-video-preview:-1\" \/>\n<link rel=\"canonical\" href=\"https:\/\/www.rgmspace.com\/it\/rgm-space-partecipa-alla-paris-space-week-9-10-marzo-2023\/\" \/>\n<meta property=\"og:locale\" content=\"it_IT\" \/>\n<meta property=\"og:type\" content=\"article\" \/>\n<meta property=\"og:title\" content=\"RGM SPACE Partecipa alla Paris Space Week 9-10 marzo 2023 - RGM Space\" \/>\n<meta property=\"og:description\" content=\"Paris Space Week \u00e8 una fiera con incontri d&#8217;affari e conferenze dedicati all&#8217;industria spaziale che si terr\u00e0 in Francia presso la Paris Expo Porte de Versailles Hall. Anche questa volta, come ogni anno, RGM SPACE parteciper\u00e0 a questo evento! I quattro argomenti principali sono satelliti, lanciatori, sistemi di terra e app spaziali. Persone provenienti da [&hellip;]\" \/>\n<meta property=\"og:url\" content=\"https:\/\/www.rgmspace.com\/it\/rgm-space-partecipa-alla-paris-space-week-9-10-marzo-2023\/\" \/>\n<meta property=\"og:site_name\" content=\"RGM Space\" \/>\n<meta property=\"article:published_time\" content=\"2023-02-24T06:38:59+00:00\" \/>\n<meta property=\"article:modified_time\" content=\"2023-04-12T06:59:14+00:00\" \/>\n<meta property=\"og:image\" content=\"https:\/\/www.rgmspace.com\/wp-content\/uploads\/2023\/02\/ParisSpaceWeek_2023_LinkedIn_1200x1200.jpg\" \/>\n\t<meta property=\"og:image:width\" content=\"1200\" \/>\n\t<meta property=\"og:image:height\" content=\"1200\" \/>\n\t<meta property=\"og:image:type\" content=\"image\/jpeg\" \/>\n<meta name=\"author\" content=\"a.stegani@gmail.com\" \/>\n<meta name=\"twitter:card\" content=\"summary_large_image\" \/>\n<meta name=\"twitter:label1\" content=\"Scritto da\" \/>\n\t<meta name=\"twitter:data1\" content=\"a.stegani@gmail.com\" \/>\n\t<meta name=\"twitter:label2\" content=\"Tempo di lettura stimato\" \/>\n\t<meta name=\"twitter:data2\" content=\"1 minuto\" \/>\n<script type=\"application\/ld+json\" class=\"yoast-schema-graph\">{\"@context\":\"https:\/\/schema.org\",\"@graph\":[{\"@type\":\"Article\",\"@id\":\"https:\/\/www.rgmspace.com\/it\/rgm-space-partecipa-alla-paris-space-week-9-10-marzo-2023\/#article\",\"isPartOf\":{\"@id\":\"https:\/\/www.rgmspace.com\/it\/rgm-space-partecipa-alla-paris-space-week-9-10-marzo-2023\/\"},\"author\":{\"name\":\"a.stegani@gmail.com\",\"@id\":\"https:\/\/www.rgmspace.com\/it\/#\/schema\/person\/55a971712bf4431b461672ea321535a5\"},\"headline\":\"RGM SPACE Partecipa alla Paris Space Week 9-10 marzo 2023\",\"datePublished\":\"2023-02-24T06:38:59+00:00\",\"dateModified\":\"2023-04-12T06:59:14+00:00\",\"mainEntityOfPage\":{\"@id\":\"https:\/\/www.rgmspace.com\/it\/rgm-space-partecipa-alla-paris-space-week-9-10-marzo-2023\/\"},\"wordCount\":140,\"commentCount\":0,\"publisher\":{\"@id\":\"https:\/\/www.rgmspace.com\/it\/#organization\"},\"image\":{\"@id\":\"https:\/\/www.rgmspace.com\/it\/rgm-space-partecipa-alla-paris-space-week-9-10-marzo-2023\/#primaryimage\"},\"thumbnailUrl\":\"https:\/\/www.rgmspace.com\/wp-content\/uploads\/2023\/02\/ParisSpaceWeek_2023_LinkedIn_1200x1200.jpg\",\"articleSection\":[\"Non categorizzato\"],\"inLanguage\":\"it-IT\",\"potentialAction\":[{\"@type\":\"CommentAction\",\"name\":\"Comment\",\"target\":[\"https:\/\/www.rgmspace.com\/it\/rgm-space-partecipa-alla-paris-space-week-9-10-marzo-2023\/#respond\"]}]},{\"@type\":\"WebPage\",\"@id\":\"https:\/\/www.rgmspace.com\/it\/rgm-space-partecipa-alla-paris-space-week-9-10-marzo-2023\/\",\"url\":\"https:\/\/www.rgmspace.com\/it\/rgm-space-partecipa-alla-paris-space-week-9-10-marzo-2023\/\",\"name\":\"RGM SPACE Partecipa alla Paris Space Week 9-10 marzo 2023 - RGM Space\",\"isPartOf\":{\"@id\":\"https:\/\/www.rgmspace.com\/it\/#website\"},\"primaryImageOfPage\":{\"@id\":\"https:\/\/www.rgmspace.com\/it\/rgm-space-partecipa-alla-paris-space-week-9-10-marzo-2023\/#primaryimage\"},\"image\":{\"@id\":\"https:\/\/www.rgmspace.com\/it\/rgm-space-partecipa-alla-paris-space-week-9-10-marzo-2023\/#primaryimage\"},\"thumbnailUrl\":\"https:\/\/www.rgmspace.com\/wp-content\/uploads\/2023\/02\/ParisSpaceWeek_2023_LinkedIn_1200x1200.jpg\",\"datePublished\":\"2023-02-24T06:38:59+00:00\",\"dateModified\":\"2023-04-12T06:59:14+00:00\",\"breadcrumb\":{\"@id\":\"https:\/\/www.rgmspace.com\/it\/rgm-space-partecipa-alla-paris-space-week-9-10-marzo-2023\/#breadcrumb\"},\"inLanguage\":\"it-IT\",\"potentialAction\":[{\"@type\":\"ReadAction\",\"target\":[\"https:\/\/www.rgmspace.com\/it\/rgm-space-partecipa-alla-paris-space-week-9-10-marzo-2023\/\"]}]},{\"@type\":\"ImageObject\",\"inLanguage\":\"it-IT\",\"@id\":\"https:\/\/www.rgmspace.com\/it\/rgm-space-partecipa-alla-paris-space-week-9-10-marzo-2023\/#primaryimage\",\"url\":\"https:\/\/www.rgmspace.com\/wp-content\/uploads\/2023\/02\/ParisSpaceWeek_2023_LinkedIn_1200x1200.jpg\",\"contentUrl\":\"https:\/\/www.rgmspace.com\/wp-content\/uploads\/2023\/02\/ParisSpaceWeek_2023_LinkedIn_1200x1200.jpg\",\"width\":1200,\"height\":1200},{\"@type\":\"BreadcrumbList\",\"@id\":\"https:\/\/www.rgmspace.com\/it\/rgm-space-partecipa-alla-paris-space-week-9-10-marzo-2023\/#breadcrumb\",\"itemListElement\":[{\"@type\":\"ListItem\",\"position\":1,\"name\":\"Home\",\"item\":\"https:\/\/www.rgmspace.com\/it\/\"},{\"@type\":\"ListItem\",\"position\":2,\"name\":\"RGM SPACE Partecipa alla Paris Space Week 9-10 marzo 2023\"}]},{\"@type\":\"WebSite\",\"@id\":\"https:\/\/www.rgmspace.com\/it\/#website\",\"url\":\"https:\/\/www.rgmspace.com\/it\/\",\"name\":\"RGM Space\",\"description\":\"Partner of Leaders\",\"publisher\":{\"@id\":\"https:\/\/www.rgmspace.com\/it\/#organization\"},\"potentialAction\":[{\"@type\":\"SearchAction\",\"target\":{\"@type\":\"EntryPoint\",\"urlTemplate\":\"https:\/\/www.rgmspace.com\/it\/?s={search_term_string}\"},\"query-input\":{\"@type\":\"PropertyValueSpecification\",\"valueRequired\":true,\"valueName\":\"search_term_string\"}}],\"inLanguage\":\"it-IT\"},{\"@type\":\"Organization\",\"@id\":\"https:\/\/www.rgmspace.com\/it\/#organization\",\"name\":\"RGM Space\",\"url\":\"https:\/\/www.rgmspace.com\/it\/\",\"logo\":{\"@type\":\"ImageObject\",\"inLanguage\":\"it-IT\",\"@id\":\"https:\/\/www.rgmspace.com\/it\/#\/schema\/logo\/image\/\",\"url\":\"https:\/\/www.rgmspace.com\/wp-content\/uploads\/2022\/08\/Senza-nome.png\",\"contentUrl\":\"https:\/\/www.rgmspace.com\/wp-content\/uploads\/2022\/08\/Senza-nome.png\",\"width\":2481,\"height\":1182,\"caption\":\"RGM Space\"},\"image\":{\"@id\":\"https:\/\/www.rgmspace.com\/it\/#\/schema\/logo\/image\/\"}},{\"@type\":\"Person\",\"@id\":\"https:\/\/www.rgmspace.com\/it\/#\/schema\/person\/55a971712bf4431b461672ea321535a5\",\"name\":\"a.stegani@gmail.com\",\"image\":{\"@type\":\"ImageObject\",\"inLanguage\":\"it-IT\",\"@id\":\"https:\/\/www.rgmspace.com\/it\/#\/schema\/person\/image\/\",\"url\":\"https:\/\/secure.gravatar.com\/avatar\/0b1524cccff8dcec90af7b15f6243bd84d5f5704ed19f29228fd714cd41ef063?s=96&d=mm&r=g\",\"contentUrl\":\"https:\/\/secure.gravatar.com\/avatar\/0b1524cccff8dcec90af7b15f6243bd84d5f5704ed19f29228fd714cd41ef063?s=96&d=mm&r=g\",\"caption\":\"a.stegani@gmail.com\"},\"url\":\"https:\/\/www.rgmspace.com\/it\/author\/a-steganigmail-com\/\"}]}<\/script>\n<!-- \/ Yoast SEO plugin. -->","yoast_head_json":{"title":"RGM SPACE Partecipa alla Paris Space Week 9-10 marzo 2023 - RGM Space","robots":{"index":"index","follow":"follow","max-snippet":"max-snippet:-1","max-image-preview":"max-image-preview:large","max-video-preview":"max-video-preview:-1"},"canonical":"https:\/\/www.rgmspace.com\/it\/rgm-space-partecipa-alla-paris-space-week-9-10-marzo-2023\/","og_locale":"it_IT","og_type":"article","og_title":"RGM SPACE Partecipa alla Paris Space Week 9-10 marzo 2023 - RGM Space","og_description":"Paris Space Week \u00e8 una fiera con incontri d&#8217;affari e conferenze dedicati all&#8217;industria spaziale che si terr\u00e0 in Francia presso la Paris Expo Porte de Versailles Hall. Anche questa volta, come ogni anno, RGM SPACE parteciper\u00e0 a questo evento! I quattro argomenti principali sono satelliti, lanciatori, sistemi di terra e app spaziali. Persone provenienti da [&hellip;]","og_url":"https:\/\/www.rgmspace.com\/it\/rgm-space-partecipa-alla-paris-space-week-9-10-marzo-2023\/","og_site_name":"RGM Space","article_published_time":"2023-02-24T06:38:59+00:00","article_modified_time":"2023-04-12T06:59:14+00:00","og_image":[{"width":1200,"height":1200,"url":"https:\/\/www.rgmspace.com\/wp-content\/uploads\/2023\/02\/ParisSpaceWeek_2023_LinkedIn_1200x1200.jpg","type":"image\/jpeg"}],"author":"a.stegani@gmail.com","twitter_card":"summary_large_image","twitter_misc":{"Scritto da":"a.stegani@gmail.com","Tempo di lettura stimato":"1 minuto"},"schema":{"@context":"https:\/\/schema.org","@graph":[{"@type":"Article","@id":"https:\/\/www.rgmspace.com\/it\/rgm-space-partecipa-alla-paris-space-week-9-10-marzo-2023\/#article","isPartOf":{"@id":"https:\/\/www.rgmspace.com\/it\/rgm-space-partecipa-alla-paris-space-week-9-10-marzo-2023\/"},"author":{"name":"a.stegani@gmail.com","@id":"https:\/\/www.rgmspace.com\/it\/#\/schema\/person\/55a971712bf4431b461672ea321535a5"},"headline":"RGM SPACE Partecipa alla Paris Space Week 9-10 marzo 2023","datePublished":"2023-02-24T06:38:59+00:00","dateModified":"2023-04-12T06:59:14+00:00","mainEntityOfPage":{"@id":"https:\/\/www.rgmspace.com\/it\/rgm-space-partecipa-alla-paris-space-week-9-10-marzo-2023\/"},"wordCount":140,"commentCount":0,"publisher":{"@id":"https:\/\/www.rgmspace.com\/it\/#organization"},"image":{"@id":"https:\/\/www.rgmspace.com\/it\/rgm-space-partecipa-alla-paris-space-week-9-10-marzo-2023\/#primaryimage"},"thumbnailUrl":"https:\/\/www.rgmspace.com\/wp-content\/uploads\/2023\/02\/ParisSpaceWeek_2023_LinkedIn_1200x1200.jpg","articleSection":["Non categorizzato"],"inLanguage":"it-IT","potentialAction":[{"@type":"CommentAction","name":"Comment","target":["https:\/\/www.rgmspace.com\/it\/rgm-space-partecipa-alla-paris-space-week-9-10-marzo-2023\/#respond"]}]},{"@type":"WebPage","@id":"https:\/\/www.rgmspace.com\/it\/rgm-space-partecipa-alla-paris-space-week-9-10-marzo-2023\/","url":"https:\/\/www.rgmspace.com\/it\/rgm-space-partecipa-alla-paris-space-week-9-10-marzo-2023\/","name":"RGM SPACE Partecipa alla Paris Space Week 9-10 marzo 2023 - RGM Space","isPartOf":{"@id":"https:\/\/www.rgmspace.com\/it\/#website"},"primaryImageOfPage":{"@id":"https:\/\/www.rgmspace.com\/it\/rgm-space-partecipa-alla-paris-space-week-9-10-marzo-2023\/#primaryimage"},"image":{"@id":"https:\/\/www.rgmspace.com\/it\/rgm-space-partecipa-alla-paris-space-week-9-10-marzo-2023\/#primaryimage"},"thumbnailUrl":"https:\/\/www.rgmspace.com\/wp-content\/uploads\/2023\/02\/ParisSpaceWeek_2023_LinkedIn_1200x1200.jpg","datePublished":"2023-02-24T06:38:59+00:00","dateModified":"2023-04-12T06:59:14+00:00","breadcrumb":{"@id":"https:\/\/www.rgmspace.com\/it\/rgm-space-partecipa-alla-paris-space-week-9-10-marzo-2023\/#breadcrumb"},"inLanguage":"it-IT","potentialAction":[{"@type":"ReadAction","target":["https:\/\/www.rgmspace.com\/it\/rgm-space-partecipa-alla-paris-space-week-9-10-marzo-2023\/"]}]},{"@type":"ImageObject","inLanguage":"it-IT","@id":"https:\/\/www.rgmspace.com\/it\/rgm-space-partecipa-alla-paris-space-week-9-10-marzo-2023\/#primaryimage","url":"https:\/\/www.rgmspace.com\/wp-content\/uploads\/2023\/02\/ParisSpaceWeek_2023_LinkedIn_1200x1200.jpg","contentUrl":"https:\/\/www.rgmspace.com\/wp-content\/uploads\/2023\/02\/ParisSpaceWeek_2023_LinkedIn_1200x1200.jpg","width":1200,"height":1200},{"@type":"BreadcrumbList","@id":"https:\/\/www.rgmspace.com\/it\/rgm-space-partecipa-alla-paris-space-week-9-10-marzo-2023\/#breadcrumb","itemListElement":[{"@type":"ListItem","position":1,"name":"Home","item":"https:\/\/www.rgmspace.com\/it\/"},{"@type":"ListItem","position":2,"name":"RGM SPACE Partecipa alla Paris Space Week 9-10 marzo 2023"}]},{"@type":"WebSite","@id":"https:\/\/www.rgmspace.com\/it\/#website","url":"https:\/\/www.rgmspace.com\/it\/","name":"RGM Space","description":"Partner of Leaders","publisher":{"@id":"https:\/\/www.rgmspace.com\/it\/#organization"},"potentialAction":[{"@type":"SearchAction","target":{"@type":"EntryPoint","urlTemplate":"https:\/\/www.rgmspace.com\/it\/?s={search_term_string}"},"query-input":{"@type":"PropertyValueSpecification","valueRequired":true,"valueName":"search_term_string"}}],"inLanguage":"it-IT"},{"@type":"Organization","@id":"https:\/\/www.rgmspace.com\/it\/#organization","name":"RGM Space","url":"https:\/\/www.rgmspace.com\/it\/","logo":{"@type":"ImageObject","inLanguage":"it-IT","@id":"https:\/\/www.rgmspace.com\/it\/#\/schema\/logo\/image\/","url":"https:\/\/www.rgmspace.com\/wp-content\/uploads\/2022\/08\/Senza-nome.png","contentUrl":"https:\/\/www.rgmspace.com\/wp-content\/uploads\/2022\/08\/Senza-nome.png","width":2481,"height":1182,"caption":"RGM Space"},"image":{"@id":"https:\/\/www.rgmspace.com\/it\/#\/schema\/logo\/image\/"}},{"@type":"Person","@id":"https:\/\/www.rgmspace.com\/it\/#\/schema\/person\/55a971712bf4431b461672ea321535a5","name":"a.stegani@gmail.com","image":{"@type":"ImageObject","inLanguage":"it-IT","@id":"https:\/\/www.rgmspace.com\/it\/#\/schema\/person\/image\/","url":"https:\/\/secure.gravatar.com\/avatar\/0b1524cccff8dcec90af7b15f6243bd84d5f5704ed19f29228fd714cd41ef063?s=96&d=mm&r=g","contentUrl":"https:\/\/secure.gravatar.com\/avatar\/0b1524cccff8dcec90af7b15f6243bd84d5f5704ed19f29228fd714cd41ef063?s=96&d=mm&r=g","caption":"a.stegani@gmail.com"},"url":"https:\/\/www.rgmspace.com\/it\/author\/a-steganigmail-com\/"}]}},"_links":{"self":[{"href":"https:\/\/www.rgmspace.com\/it\/wp-json\/wp\/v2\/posts\/2266","targetHints":{"allow":["GET"]}}],"collection":[{"href":"https:\/\/www.rgmspace.com\/it\/wp-json\/wp\/v2\/posts"}],"about":[{"href":"https:\/\/www.rgmspace.com\/it\/wp-json\/wp\/v2\/types\/post"}],"author":[{"embeddable":true,"href":"https:\/\/www.rgmspace.com\/it\/wp-json\/wp\/v2\/users\/2"}],"replies":[{"embeddable":true,"href":"https:\/\/www.rgmspace.com\/it\/wp-json\/wp\/v2\/comments?post=2266"}],"version-history":[{"count":1,"href":"https:\/\/www.rgmspace.com\/it\/wp-json\/wp\/v2\/posts\/2266\/revisions"}],"predecessor-version":[{"id":2267,"href":"https:\/\/www.rgmspace.com\/it\/wp-json\/wp\/v2\/posts\/2266\/revisions\/2267"}],"wp:featuredmedia":[{"embeddable":true,"href":"https:\/\/www.rgmspace.com\/it\/wp-json\/wp\/v2\/media\/1482"}],"wp:attachment":[{"href":"https:\/\/www.rgmspace.com\/it\/wp-json\/wp\/v2\/media?parent=2266"}],"wp:term":[{"taxonomy":"category","embeddable":true,"href":"https:\/\/www.rgmspace.com\/it\/wp-json\/wp\/v2\/categories?post=2266"},{"taxonomy":"post_tag","embeddable":true,"href":"https:\/\/www.rgmspace.com\/it\/wp-json\/wp\/v2\/tags?post=2266"}],"curies":[{"name":"wp","href":"https:\/\/api.w.org\/{rel}","templated":true}]}}